{"id":925,"date":"2021-02-01T11:40:39","date_gmt":"2021-02-01T11:40:39","guid":{"rendered":"http:\/\/wordpresstheme.net\/dump\/?p=925"},"modified":"2021-02-04T23:50:07","modified_gmt":"2021-02-04T23:50:07","slug":"acceso-al-servicio-educativo-privado-en-bolivia","status":"publish","type":"post","link":"https:\/\/lopezaso.com\/web\/2021\/02\/01\/acceso-al-servicio-educativo-privado-en-bolivia\/","title":{"rendered":"ACCESO AL SERVICIO EDUCATIVO PRIVADO EN BOLIVIA"},"content":{"rendered":"<p>[vc_row css=&#8221;.vc_custom_1498824847034{margin-top: 0px !important;margin-bottom: 0px !important;padding-top: 0px !important;padding-bottom: 0px !important;}&#8221;][vc_column css=&#8221;.vc_custom_1498824852492{padding-top: 0px !important;padding-bottom: 0px !important;}&#8221;][vc_column_text el_class=&#8221;home-welcome-text&#8221; css=&#8221;.vc_custom_1612222996783{margin-top: 0px !important;margin-bottom: 30px !important;}&#8221;]<strong>La educaci\u00f3n es un derecho<\/strong> consagrado en la ConstItuci\u00f3n Pol\u00edtica del Estado (CPE), as\u00ed que los padres debemos tener claro a qui\u00e9n y qu\u00e9 exigir para que sea real porque, <strong>\u201c<em>Toda persona tiene derecho a recibir educaci\u00f3n en todos los niveles de manera universal, productiva, gratuita, integral e intercultural, sin discriminaci\u00f3n\u201d (Art\u00edculo 17 CPE);<\/em><\/strong> porque \u201c<strong><em>La educaci\u00f3n constituye una funci\u00f3n suprema y primera responsabilidad financiera del Estado, que tiene la obligaci\u00f3n indeclinable de sostenerla, garantizarla y gestionarla\u201d (Art\u00edculo 77-I CPE)<\/em>;<\/strong> entonces nuestro pedido o demanda para que la educaci\u00f3n sea un derecho accesible real debe ser a las autoridades que administran el Estado, porque <strong>\u201cLa educaci\u00f3n fiscal es gratuita en todos sus niveles hasta el superior\u201d (Art\u00edculo 81-II CPE);<\/strong> y si no accedemos a la educaci\u00f3n fiscal por los motivos que sea, tendremos que buscar el dinero para contratar un servicio educativo privado ejerciendo nuestro derecho sacrificado y costoso ya que <strong>\u201c<em>Se respeta el derecho de las madres y padres a elegir la educaci\u00f3n que convenga para sus hijas e hijos\u201d (Art\u00edculo 88-II CPE)<\/em><\/strong>.[\/vc_column_text][vc_column_text el_class=&#8221;home-welcome-text&#8221; css=&#8221;.vc_custom_1612223032652{margin-top: 0px !important;margin-bottom: 30px !important;}&#8221;]El art\u00edculo 88-I\u00a0 de la Constituci\u00f3n Pol\u00edtica del Estado (CPE) establece que<strong> \u201c<em>Se reconoce y respeta el funcionamiento de unidades educativas privadas, en todos los niveles y modalidades, \u00e9stas se regir\u00e1n por las pol\u00edticas, planes, programas y autoridades del sistema educativo. El Estado garantiza su funcionamiento previa verificaci\u00f3n de las condiciones y cumplimiento de los requisitos establecidos por la ley\u201d<\/em>, <\/strong>y con esta norma constitucional vigente, en la coyuntura actual de inicio del a\u00f1o escolar 2021, ante las denuncias de representantes de padres de familia contra los colegios particulares, mismas que deben ser individualizadas responsablemente y presentadas ante las las autoridades educativas que deben investigar y sancionar de acuerdo a la R.M. 001\/2021 que establece las normas generales para la gesti\u00f3n educativa, las prohibiciones y las sanciones, considero necesario revisar literalmente la referida norma sobre los siguientes temas\/problemas:[\/vc_column_text][vc_column_text el_class=&#8221;home-welcome-text&#8221; css=&#8221;.vc_custom_1612223077889{margin-top: 0px !important;margin-bottom: 30px !important;}&#8221;]<\/p>\n<blockquote><p><strong>\u00bfQu\u00e9 dice la R.M. 001\/2021 sobre las inscripciones en las unidades educativas privadas?<\/strong><\/p><\/blockquote>\n<p>[\/vc_column_text][vc_column_text el_class=&#8221;home-welcome-text&#8221; css=&#8221;.vc_custom_1612223143520{margin-top: 0px !important;margin-bottom: 30px !important;}&#8221;]El <strong>Art\u00edculo 24-V<\/strong> establece que<strong> \u201c<\/strong><em>En cumplimiento al Art\u00edculo 17 de la Constituci\u00f3n Pol\u00edtica del Estado, las madres y los padres de familia o tutores est\u00e1n obligados a inscribir a sus hijas e hijos estudiantes en las unidades educativas fiscales, privadas o de convenio. En caso de incumplimiento, las autoridades educativas est\u00e1n en el deber de informar a la Defensor\u00eda de la Ni\u00f1ez y Adolescencia de su jurisdicci\u00f3n\u201d<\/em>, y expl\u00edcitamente para inscribir en las unidades educativas privadas el <strong><em>Art\u00edculo 98.- (Inscripciones) <\/em><\/strong>dice:<\/p>\n<ol>\n<li><em>Las madres, padres o tutores deber\u00e1n tener regularizadas sus obligaciones contractuales (pensiones) para su inscripci\u00f3n sin discriminaci\u00f3n.<\/em><\/li>\n<li><em>Si una o un estudiante no fue inscrito en una unidad educativa privada, se resguarda el derecho de inscribirlo en cualquiera de las unidades educativas fiscales o de convenio.<\/em><\/li>\n<\/ol>\n<p>[\/vc_column_text][vc_column_text el_class=&#8221;home-welcome-text&#8221; css=&#8221;.vc_custom_1612223196027{margin-top: 0px !important;margin-bottom: 30px !important;}&#8221;]<\/p>\n<blockquote><p><strong>\u00bfEl contrato de servicios educativos es obligatorio? <\/strong><\/p>\n<p><strong>\u00a0<\/strong><\/p><\/blockquote>\n<p>[\/vc_column_text][vc_column_text el_class=&#8221;home-welcome-text&#8221; css=&#8221;.vc_custom_1612223241536{margin-top: 0px !important;margin-bottom: 30px !important;}&#8221;]Si, porque lo establece el <strong><em>Art\u00edculo 95.- (Prestaci\u00f3n del servicio educativo):<\/em><\/strong><\/p>\n<ol>\n<li><em>La prestaci\u00f3n del servicio educativo debe enmarcarse de acuerdo a la Ley N\u00b0 070 de la Educaci\u00f3n del 20 de diciembre de 2010, \u201cAvelino Si\u00f1ani &#8211; Elizardo Perez\u201d y el Modelo Educativo Sociomunitario Productivo.<\/em><\/li>\n<li><em>Las unidades educativas privadas remitir\u00e1n el contrato de servicio educativo (tipo aprobado previamente por la o el Director Distrital correspondiente) gesti\u00f3n 2021 a la Direcci\u00f3n Distrital Educativa correspondiente hasta el 26 de febrero de 2021, adjuntando documentaci\u00f3n debidamente foliada correspondiente al Art\u00edculo 91 de la presente norma. La recepci\u00f3n extempor\u00e1nea de la documentaci\u00f3n (hasta el 12 de marzo de 2021), previa verificaci\u00f3n, se sancionar\u00e1 con una notificaci\u00f3n de apercibimiento. La recepci\u00f3n entre el 15 y 19 de marzo, previa verificaci\u00f3n, se sancionar\u00e1 con el 5% del ingreso mensual. De persistir el incumplimiento se sancionar\u00e1 con el 10% del ingreso mensual y de reiterarse el incumplimiento a partir del 22 de marzo de 2021 dar\u00e1 lugar al cierre temporal de la unidad educativa previa notificaci\u00f3n.<\/em><\/li>\n<\/ol>\n<p>[\/vc_column_text][vc_column_text el_class=&#8221;home-welcome-text&#8221; css=&#8221;.vc_custom_1612223368204{margin-top: 0px !important;margin-bottom: 30px !important;}&#8221;]<\/p>\n<blockquote><p><strong>\u00bf<\/strong><strong><em>Las pensiones escolares son reguladas?<\/em><\/strong><\/p><\/blockquote>\n<p>[\/vc_column_text][vc_column_text el_class=&#8221;home-welcome-text&#8221; css=&#8221;.vc_custom_1612223326990{margin-top: 0px !important;margin-bottom: 30px !important;}&#8221;]Si, porque la norma establecida en <strong>el Art\u00edculo 99.- (Pensiones)<\/strong> de la R.M. 001\/2021 dice que:<\/p>\n<ol>\n<li><em>Las unidades educativas privadas est\u00e1n prohibidas de realizar cualquier cobro adicional a las diez pensiones anuales, tr\u00e1tese de reserva de plaza, matr\u00edcula o derecho de inscripci\u00f3n, material educativo, gastos de administraci\u00f3n, multas por retraso de pago de pensiones, cuotas para ANDECOP u otros cobros que no est\u00e9n expresados en la normativa vigente. Los contratos que las unidades educativas privadas firmen con los padres de familia no podr\u00e1n establecer cobros u otras imposiciones como medio para eludir la aplicaci\u00f3n de la norma en concordancia con el Art\u00edculo 489 Ley del C\u00f3digo Civil.<\/em><\/li>\n<\/ol>\n<p>Para ejercer el derecho que tenemos de elegir la educaci\u00f3n que mas convenga para nuestros hijos e hijas, cuando elegimos la educaci\u00f3n privada voluntariamente, debemos partir de nuestras posibilidades econ\u00f3micas reales que tenemos en la situaci\u00f3n actual de pandemia en la que todas las personas hemos sido afectadas, decidiendo responsablemente cumplir nuestro deber de padres, inscribiendo a nuestros hijos seg\u00fan nuestras posibilidades econ\u00f3micas, porque estamos a tiempo de evitar mayores sufrimientos a nuestros hijos y a nuestra vida personal y familiar, porque la educaci\u00f3n privada, que si bien es un servicio p\u00fablico regulado ofrecido por privados con o sin fines de lucro, y que tiene un precio que siempre debe ser igual o mayor al costo para ser sostenible, no es jur\u00eddicamente un derecho humano exigible como lo es el derecho a la educaci\u00f3n fiscal gratu\u00edta, ya que es una opci\u00f3n o elecci\u00f3n a la que se accede en virtud de un contrato con un precio o pensi\u00f3n escolar con el que se adquiere una obligaci\u00f3n econ\u00f3mica civil onerosa que se debe cumplir.<\/p>\n<p>Cuando seamos testigos o v\u00edctimas de incumplimiento o abuso por parte de cualquier instituci\u00f3n educativa privada, acudamos a las autoridades competentes a denunciar con fundamento, evitando las denuncias generalizadas, falsas o mal intencionadas, porque al denunciar asumimos que no queremos que se cierre una unidad educativa privada, sino que cumpla las normas, pero si es porque quiero que el precio de las pensiones se adec\u00fae a mis posibilidades econ\u00f3micas, y no sea posible la rebaja en los porcentajes que quisiera, podr\u00edamos provocar el cierre por motivos financieros, situaci\u00f3n que es posible porque las normas lo permiten, siendo legal y absolutamente leg\u00edtimo para los due\u00f1os de la misma. Yo no quiero el cierre de la unidad educativa privada en la que se educan mis hijas, porque considero que se restringir\u00e1 o cerrar\u00e1 esa opci\u00f3n de educaci\u00f3n privada concreta, y el ejercicio de mi derecho a elegir la educaci\u00f3n que mas les conviene. De todo modos, ante el cierre de una unidad educativa o \u201c<em>Si una o un estudiante no fue inscrito en una unidad educativa privada, se resguarda el derecho de inscribirlo en cualquiera de las unidades educativas fiscales o de convenio\u201d (Art\u00edculo 24-II de la R.M. 001\/2021)<\/em>, quedando absolutamente claro que es el gobierno del Estado Plurinacional el que \u00a0est\u00e1 obligado legalmente a garantizar el derecho a la educaci\u00f3n gratuita con calidad.[\/vc_column_text][\/vc_column][\/vc_row]<\/p>\n","protected":false},"excerpt":{"rendered":"<p>[vc_row css=&#8221;.vc_custom_1498824847034{margin-top: 0px !important;margin-bottom: 0px !important;padding-top: 0px !important;padding-bottom: 0px !important;}&#8221;][vc_column css=&#8221;.vc_custom_1498824852492{padding-top: 0px !important;padding-bottom: 0px !important;}&#8221;][vc_column_text el_class=&#8221;home-welcome-text&#8221; css=&#8221;.vc_custom_1612222996783{margin-top: 0px !important;margin-bottom: 30px !important;}&#8221;]La educaci\u00f3n es un derecho consagrado en la ConstItuci\u00f3n Pol\u00edtica del Estado (CPE), as\u00ed que los padres debemos tener claro a qui\u00e9n y qu\u00e9 exigir para que sea real porque, \u201cToda persona tiene derecho a [&hellip;]<\/p>\n","protected":false},"author":1,"featured_media":1665,"comment_status":"open","ping_status":"open","sticky":false,"template":"","format":"standard","meta":[],"categories":[1],"tags":[],"_links":{"self":[{"href":"https:\/\/lopezaso.com\/web\/wp-json\/wp\/v2\/posts\/925"}],"collection":[{"href":"https:\/\/lopezaso.com\/web\/wp-json\/wp\/v2\/posts"}],"about":[{"href":"https:\/\/lopezaso.com\/web\/wp-json\/wp\/v2\/types\/post"}],"author":[{"embeddable":true,"href":"https:\/\/lopezaso.com\/web\/wp-json\/wp\/v2\/users\/1"}],"replies":[{"embeddable":true,"href":"https:\/\/lopezaso.com\/web\/wp-json\/wp\/v2\/comments?post=925"}],"version-history":[{"count":6,"href":"https:\/\/lopezaso.com\/web\/wp-json\/wp\/v2\/posts\/925\/revisions"}],"predecessor-version":[{"id":1773,"href":"https:\/\/lopezaso.com\/web\/wp-json\/wp\/v2\/posts\/925\/revisions\/1773"}],"wp:featuredmedia":[{"embeddable":true,"href":"https:\/\/lopezaso.com\/web\/wp-json\/wp\/v2\/media\/1665"}],"wp:attachment":[{"href":"https:\/\/lopezaso.com\/web\/wp-json\/wp\/v2\/media?parent=925"}],"wp:term":[{"taxonomy":"category","embeddable":true,"href":"https:\/\/lopezaso.com\/web\/wp-json\/wp\/v2\/categories?post=925"},{"taxonomy":"post_tag","embeddable":true,"href":"https:\/\/lopezaso.com\/web\/wp-json\/wp\/v2\/tags?post=925"}],"curies":[{"name":"wp","href":"https:\/\/api.w.org\/{rel}","templated":true}]}}